{"id":462,"date":"2022-03-22T08:58:35","date_gmt":"2022-03-22T08:58:35","guid":{"rendered":"https:\/\/federatia-fstspr.ro\/?p=462"},"modified":"2022-03-22T08:58:36","modified_gmt":"2022-03-22T08:58:36","slug":"asa-se-sudau-sinele-de-tramvai-in-bucuresti-in-anul-1925","status":"publish","type":"post","link":"https:\/\/federatia-fstspr.ro\/index.php\/2022\/03\/22\/asa-se-sudau-sinele-de-tramvai-in-bucuresti-in-anul-1925\/","title":{"rendered":"A\u0219a se sudau \u0219inele de tramvai \u00een Bucure\u0219ti, \u00een anul 1925"},"content":{"rendered":"\n<p>Printre imaginile de arhiv\u0103 ale Fototecii de aur STB SA sunt \u0219i c\u00e2teva imagini despre tehnologiile folosite la \u00eenceputul secolului trecut \u00een munca setebi\u0219tilor.<\/p>\n\n\n\n<p>V\u0103 prezent\u0103m o fotografie din 1925 care surprinde sudura alumino-termic\u0103: a\u0219ezarea capetelor \u0219inelor.<\/p>\n\n\n\n<p>Sudarea alumino-termica se realizeaz\u0103 cu ajutorul termitului, care este un amestec granulat de oxid de fier, aluminiu \u0219i feroaliaje, la o temperatur\u0103 foarte \u00eenalt\u0103 cu pre\u00eenc\u0103lzirea termitului \u0219i turnarea lui \u00een forma de turnare, aflat\u0103 deasupra capetelor de \u0219in\u0103.<\/p>\n\n\n\n<p>De remarcat faptul c\u0103 unii lucrau chiar \u0219i la cravat\u0103. Se respectau. \u0218i erau respecta\u021bi. Ce vremuri&#8230;<\/p>\n\n\n\n<figure class=\"wp-block-image size-large\"><img loading=\"lazy\" decoding=\"async\" width=\"1024\" height=\"752\" src=\"https:\/\/federatia-fstspr.ro\/wp-content\/uploads\/2022\/03\/Sudura-Alumino-Termica-portiunea-topita-curge-in-forma-1925-1-1024x752.jpg\" alt=\"\" class=\"wp-image-464\" srcset=\"https:\/\/federatia-fstspr.ro\/wp-content\/uploads\/2022\/03\/Sudura-Alumino-Termica-portiunea-topita-curge-in-forma-1925-1-1024x752.jpg 1024w, https:\/\/federatia-fstspr.ro\/wp-content\/uploads\/2022\/03\/Sudura-Alumino-Termica-portiunea-topita-curge-in-forma-1925-1-300x220.jpg 300w, https:\/\/federatia-fstspr.ro\/wp-content\/uploads\/2022\/03\/Sudura-Alumino-Termica-portiunea-topita-curge-in-forma-1925-1-768x564.jpg 768w, https:\/\/federatia-fstspr.ro\/wp-content\/uploads\/2022\/03\/Sudura-Alumino-Termica-portiunea-topita-curge-in-forma-1925-1-1536x1128.jpg 1536w, https:\/\/federatia-fstspr.ro\/wp-content\/uploads\/2022\/03\/Sudura-Alumino-Termica-portiunea-topita-curge-in-forma-1925-1-2048x1504.jpg 2048w, https:\/\/federatia-fstspr.ro\/wp-content\/uploads\/2022\/03\/Sudura-Alumino-Termica-portiunea-topita-curge-in-forma-1925-1-750x551.jpg 750w, https:\/\/federatia-fstspr.ro\/wp-content\/uploads\/2022\/03\/Sudura-Alumino-Termica-portiunea-topita-curge-in-forma-1925-1-1140x837.jpg 1140w\" sizes=\"auto, (max-width: 1024px) 100vw, 1024px\" \/><figcaption>Sudura Alumino-Termica &#8211; portiunea topita curge in forma &#8211; 1925<\/figcaption><\/figure>\n\n\n\n<figure class=\"wp-block-image size-large\"><img loading=\"lazy\" decoding=\"async\" width=\"1024\" height=\"742\" src=\"https:\/\/federatia-fstspr.ro\/wp-content\/uploads\/2022\/03\/Sudura-Alumino-Termica-asezarea-capetelor-sinelor-1925-1024x742.jpg\" alt=\"\" class=\"wp-image-465\" srcset=\"https:\/\/federatia-fstspr.ro\/wp-content\/uploads\/2022\/03\/Sudura-Alumino-Termica-asezarea-capetelor-sinelor-1925-1024x742.jpg 1024w, https:\/\/federatia-fstspr.ro\/wp-content\/uploads\/2022\/03\/Sudura-Alumino-Termica-asezarea-capetelor-sinelor-1925-300x217.jpg 300w, https:\/\/federatia-fstspr.ro\/wp-content\/uploads\/2022\/03\/Sudura-Alumino-Termica-asezarea-capetelor-sinelor-1925-768x557.jpg 768w, https:\/\/federatia-fstspr.ro\/wp-content\/uploads\/2022\/03\/Sudura-Alumino-Termica-asezarea-capetelor-sinelor-1925-1536x1113.jpg 1536w, https:\/\/federatia-fstspr.ro\/wp-content\/uploads\/2022\/03\/Sudura-Alumino-Termica-asezarea-capetelor-sinelor-1925-2048x1485.jpg 2048w, https:\/\/federatia-fstspr.ro\/wp-content\/uploads\/2022\/03\/Sudura-Alumino-Termica-asezarea-capetelor-sinelor-1925-120x86.jpg 120w, https:\/\/federatia-fstspr.ro\/wp-content\/uploads\/2022\/03\/Sudura-Alumino-Termica-asezarea-capetelor-sinelor-1925-750x544.jpg 750w, https:\/\/federatia-fstspr.ro\/wp-content\/uploads\/2022\/03\/Sudura-Alumino-Termica-asezarea-capetelor-sinelor-1925-1140x826.jpg 1140w\" sizes=\"auto, (max-width: 1024px) 100vw, 1024px\" \/><figcaption>Sudura Alumino-Termica &#8211; portiunea topita curge in forma &#8211; 1925<\/figcaption><\/figure>\n\n\n\n<figure class=\"wp-block-image size-large\"><img loading=\"lazy\" decoding=\"async\" width=\"1024\" height=\"755\" src=\"https:\/\/federatia-fstspr.ro\/wp-content\/uploads\/2022\/03\/Ateliere-noi-Stefan-cel-Mare-1935-1024x755.jpg\" alt=\"\" class=\"wp-image-466\" srcset=\"https:\/\/federatia-fstspr.ro\/wp-content\/uploads\/2022\/03\/Ateliere-noi-Stefan-cel-Mare-1935-1024x755.jpg 1024w, https:\/\/federatia-fstspr.ro\/wp-content\/uploads\/2022\/03\/Ateliere-noi-Stefan-cel-Mare-1935-300x221.jpg 300w, https:\/\/federatia-fstspr.ro\/wp-content\/uploads\/2022\/03\/Ateliere-noi-Stefan-cel-Mare-1935-768x567.jpg 768w, https:\/\/federatia-fstspr.ro\/wp-content\/uploads\/2022\/03\/Ateliere-noi-Stefan-cel-Mare-1935-1536x1133.jpg 1536w, https:\/\/federatia-fstspr.ro\/wp-content\/uploads\/2022\/03\/Ateliere-noi-Stefan-cel-Mare-1935-2048x1511.jpg 2048w, https:\/\/federatia-fstspr.ro\/wp-content\/uploads\/2022\/03\/Ateliere-noi-Stefan-cel-Mare-1935-750x553.jpg 750w, https:\/\/federatia-fstspr.ro\/wp-content\/uploads\/2022\/03\/Ateliere-noi-Stefan-cel-Mare-1935-1140x841.jpg 1140w\" sizes=\"auto, (max-width: 1024px) 100vw, 1024px\" \/><figcaption>Ateliere noi Stefan cel Mare &#8211; 1935<\/figcaption><\/figure>\n\n\n\n<figure class=\"wp-block-image size-large is-resized\"><img loading=\"lazy\" decoding=\"async\" src=\"https:\/\/federatia-fstspr.ro\/wp-content\/uploads\/2022\/03\/Atelierele-Stefan-Cel-Mare-Atelierul-de-incercare-a-motoarelor-1925-1024x748.jpg\" alt=\"\" class=\"wp-image-467\" width=\"1024\" height=\"748\" srcset=\"https:\/\/federatia-fstspr.ro\/wp-content\/uploads\/2022\/03\/Atelierele-Stefan-Cel-Mare-Atelierul-de-incercare-a-motoarelor-1925-1024x748.jpg 1024w, https:\/\/federatia-fstspr.ro\/wp-content\/uploads\/2022\/03\/Atelierele-Stefan-Cel-Mare-Atelierul-de-incercare-a-motoarelor-1925-300x219.jpg 300w, https:\/\/federatia-fstspr.ro\/wp-content\/uploads\/2022\/03\/Atelierele-Stefan-Cel-Mare-Atelierul-de-incercare-a-motoarelor-1925-768x561.jpg 768w, https:\/\/federatia-fstspr.ro\/wp-content\/uploads\/2022\/03\/Atelierele-Stefan-Cel-Mare-Atelierul-de-incercare-a-motoarelor-1925-1536x1122.jpg 1536w, https:\/\/federatia-fstspr.ro\/wp-content\/uploads\/2022\/03\/Atelierele-Stefan-Cel-Mare-Atelierul-de-incercare-a-motoarelor-1925-2048x1497.jpg 2048w, https:\/\/federatia-fstspr.ro\/wp-content\/uploads\/2022\/03\/Atelierele-Stefan-Cel-Mare-Atelierul-de-incercare-a-motoarelor-1925-750x548.jpg 750w, https:\/\/federatia-fstspr.ro\/wp-content\/uploads\/2022\/03\/Atelierele-Stefan-Cel-Mare-Atelierul-de-incercare-a-motoarelor-1925-1140x833.jpg 1140w\" sizes=\"auto, (max-width: 1024px) 100vw, 1024px\" \/><figcaption>Atelierele Stefan Cel Mare &#8211; Atelierul de incercare a motoarelor &#8211; 1925<\/figcaption><\/figure>\n\n\n\n<figure class=\"wp-block-image size-large\"><img loading=\"lazy\" decoding=\"async\" width=\"1024\" height=\"753\" src=\"https:\/\/federatia-fstspr.ro\/wp-content\/uploads\/2022\/03\/Atelierul-Bonaparte-Tamplarie-1925-1024x753.jpg\" alt=\"\" class=\"wp-image-468\" srcset=\"https:\/\/federatia-fstspr.ro\/wp-content\/uploads\/2022\/03\/Atelierul-Bonaparte-Tamplarie-1925-1024x753.jpg 1024w, https:\/\/federatia-fstspr.ro\/wp-content\/uploads\/2022\/03\/Atelierul-Bonaparte-Tamplarie-1925-300x221.jpg 300w, https:\/\/federatia-fstspr.ro\/wp-content\/uploads\/2022\/03\/Atelierul-Bonaparte-Tamplarie-1925-768x565.jpg 768w, https:\/\/federatia-fstspr.ro\/wp-content\/uploads\/2022\/03\/Atelierul-Bonaparte-Tamplarie-1925-1536x1130.jpg 1536w, https:\/\/federatia-fstspr.ro\/wp-content\/uploads\/2022\/03\/Atelierul-Bonaparte-Tamplarie-1925-2048x1506.jpg 2048w, https:\/\/federatia-fstspr.ro\/wp-content\/uploads\/2022\/03\/Atelierul-Bonaparte-Tamplarie-1925-750x552.jpg 750w, https:\/\/federatia-fstspr.ro\/wp-content\/uploads\/2022\/03\/Atelierul-Bonaparte-Tamplarie-1925-1140x838.jpg 1140w\" sizes=\"auto, (max-width: 1024px) 100vw, 1024px\" \/><figcaption>Atelierul Bonaparte &#8211; Tamplarie &#8211; 1925<\/figcaption><\/figure>\n\n\n\n<figure class=\"wp-block-image size-large\"><img loading=\"lazy\" decoding=\"async\" width=\"1024\" height=\"757\" src=\"https:\/\/federatia-fstspr.ro\/wp-content\/uploads\/2022\/03\/Atelierul-Stefan-Cel-Mare-Strungaria-si-Lacatuseria-se-vede-si-podul-rulant.-1024x757.jpg\" alt=\"\" class=\"wp-image-469\" srcset=\"https:\/\/federatia-fstspr.ro\/wp-content\/uploads\/2022\/03\/Atelierul-Stefan-Cel-Mare-Strungaria-si-Lacatuseria-se-vede-si-podul-rulant.-1024x757.jpg 1024w, https:\/\/federatia-fstspr.ro\/wp-content\/uploads\/2022\/03\/Atelierul-Stefan-Cel-Mare-Strungaria-si-Lacatuseria-se-vede-si-podul-rulant.-300x222.jpg 300w, https:\/\/federatia-fstspr.ro\/wp-content\/uploads\/2022\/03\/Atelierul-Stefan-Cel-Mare-Strungaria-si-Lacatuseria-se-vede-si-podul-rulant.-768x568.jpg 768w, https:\/\/federatia-fstspr.ro\/wp-content\/uploads\/2022\/03\/Atelierul-Stefan-Cel-Mare-Strungaria-si-Lacatuseria-se-vede-si-podul-rulant.-1536x1136.jpg 1536w, https:\/\/federatia-fstspr.ro\/wp-content\/uploads\/2022\/03\/Atelierul-Stefan-Cel-Mare-Strungaria-si-Lacatuseria-se-vede-si-podul-rulant.-2048x1515.jpg 2048w, https:\/\/federatia-fstspr.ro\/wp-content\/uploads\/2022\/03\/Atelierul-Stefan-Cel-Mare-Strungaria-si-Lacatuseria-se-vede-si-podul-rulant.-750x555.jpg 750w, https:\/\/federatia-fstspr.ro\/wp-content\/uploads\/2022\/03\/Atelierul-Stefan-Cel-Mare-Strungaria-si-Lacatuseria-se-vede-si-podul-rulant.-1140x843.jpg 1140w\" sizes=\"auto, (max-width: 1024px) 100vw, 1024px\" \/><figcaption>Atelierul Stefan Cel Mare &#8211; Strungaria si Lacatuseria &#8211; se vede si podul rulant.<\/figcaption><\/figure>\n\n\n\n<figure class=\"wp-block-image size-large\"><img loading=\"lazy\" decoding=\"async\" width=\"1024\" height=\"749\" src=\"https:\/\/federatia-fstspr.ro\/wp-content\/uploads\/2022\/03\/Interiorul-depoului-Cotroceni-1925-1024x749.jpg\" alt=\"\" class=\"wp-image-470\" srcset=\"https:\/\/federatia-fstspr.ro\/wp-content\/uploads\/2022\/03\/Interiorul-depoului-Cotroceni-1925-1024x749.jpg 1024w, https:\/\/federatia-fstspr.ro\/wp-content\/uploads\/2022\/03\/Interiorul-depoului-Cotroceni-1925-300x219.jpg 300w, https:\/\/federatia-fstspr.ro\/wp-content\/uploads\/2022\/03\/Interiorul-depoului-Cotroceni-1925-768x561.jpg 768w, https:\/\/federatia-fstspr.ro\/wp-content\/uploads\/2022\/03\/Interiorul-depoului-Cotroceni-1925-1536x1123.jpg 1536w, https:\/\/federatia-fstspr.ro\/wp-content\/uploads\/2022\/03\/Interiorul-depoului-Cotroceni-1925-2048x1497.jpg 2048w, https:\/\/federatia-fstspr.ro\/wp-content\/uploads\/2022\/03\/Interiorul-depoului-Cotroceni-1925-750x548.jpg 750w, https:\/\/federatia-fstspr.ro\/wp-content\/uploads\/2022\/03\/Interiorul-depoului-Cotroceni-1925-1140x833.jpg 1140w\" sizes=\"auto, (max-width: 1024px) 100vw, 1024px\" \/><figcaption>Interiorul depoului Cotroceni &#8211; 1925<\/figcaption><\/figure>\n\n\n\n<figure class=\"wp-block-image size-large\"><img loading=\"lazy\" decoding=\"async\" width=\"1024\" height=\"749\" src=\"https:\/\/federatia-fstspr.ro\/wp-content\/uploads\/2022\/03\/Interiorul-remizei-Stefan-Cel-Mare-1929-1024x749.jpg\" alt=\"\" class=\"wp-image-471\" srcset=\"https:\/\/federatia-fstspr.ro\/wp-content\/uploads\/2022\/03\/Interiorul-remizei-Stefan-Cel-Mare-1929-1024x749.jpg 1024w, https:\/\/federatia-fstspr.ro\/wp-content\/uploads\/2022\/03\/Interiorul-remizei-Stefan-Cel-Mare-1929-300x219.jpg 300w, https:\/\/federatia-fstspr.ro\/wp-content\/uploads\/2022\/03\/Interiorul-remizei-Stefan-Cel-Mare-1929-768x562.jpg 768w, https:\/\/federatia-fstspr.ro\/wp-content\/uploads\/2022\/03\/Interiorul-remizei-Stefan-Cel-Mare-1929-1536x1123.jpg 1536w, https:\/\/federatia-fstspr.ro\/wp-content\/uploads\/2022\/03\/Interiorul-remizei-Stefan-Cel-Mare-1929-2048x1498.jpg 2048w, https:\/\/federatia-fstspr.ro\/wp-content\/uploads\/2022\/03\/Interiorul-remizei-Stefan-Cel-Mare-1929-750x549.jpg 750w, https:\/\/federatia-fstspr.ro\/wp-content\/uploads\/2022\/03\/Interiorul-remizei-Stefan-Cel-Mare-1929-1140x834.jpg 1140w\" sizes=\"auto, (max-width: 1024px) 100vw, 1024px\" \/><figcaption>Interiorul remizei Stefan Cel Mare &#8211; 1929<\/figcaption><\/figure>\n\n\n\n<figure class=\"wp-block-image size-large\"><img loading=\"lazy\" decoding=\"async\" width=\"737\" height=\"1024\" src=\"https:\/\/federatia-fstspr.ro\/wp-content\/uploads\/2022\/03\/Interiorul-salii-de-montaj-a-Atelierelor-noi-SCM-Vagoane-in-reparatie-Podul-rulant-in-functiune-1930-737x1024.jpg\" alt=\"\" class=\"wp-image-472\" srcset=\"https:\/\/federatia-fstspr.ro\/wp-content\/uploads\/2022\/03\/Interiorul-salii-de-montaj-a-Atelierelor-noi-SCM-Vagoane-in-reparatie-Podul-rulant-in-functiune-1930-737x1024.jpg 737w, https:\/\/federatia-fstspr.ro\/wp-content\/uploads\/2022\/03\/Interiorul-salii-de-montaj-a-Atelierelor-noi-SCM-Vagoane-in-reparatie-Podul-rulant-in-functiune-1930-216x300.jpg 216w, https:\/\/federatia-fstspr.ro\/wp-content\/uploads\/2022\/03\/Interiorul-salii-de-montaj-a-Atelierelor-noi-SCM-Vagoane-in-reparatie-Podul-rulant-in-functiune-1930-768x1067.jpg 768w, https:\/\/federatia-fstspr.ro\/wp-content\/uploads\/2022\/03\/Interiorul-salii-de-montaj-a-Atelierelor-noi-SCM-Vagoane-in-reparatie-Podul-rulant-in-functiune-1930-1105x1536.jpg 1105w, https:\/\/federatia-fstspr.ro\/wp-content\/uploads\/2022\/03\/Interiorul-salii-de-montaj-a-Atelierelor-noi-SCM-Vagoane-in-reparatie-Podul-rulant-in-functiune-1930-1474x2048.jpg 1474w, https:\/\/federatia-fstspr.ro\/wp-content\/uploads\/2022\/03\/Interiorul-salii-de-montaj-a-Atelierelor-noi-SCM-Vagoane-in-reparatie-Podul-rulant-in-functiune-1930-750x1042.jpg 750w, https:\/\/federatia-fstspr.ro\/wp-content\/uploads\/2022\/03\/Interiorul-salii-de-montaj-a-Atelierelor-noi-SCM-Vagoane-in-reparatie-Podul-rulant-in-functiune-1930-1140x1584.jpg 1140w, https:\/\/federatia-fstspr.ro\/wp-content\/uploads\/2022\/03\/Interiorul-salii-de-montaj-a-Atelierelor-noi-SCM-Vagoane-in-reparatie-Podul-rulant-in-functiune-1930-scaled.jpg 1842w\" sizes=\"auto, (max-width: 737px) 100vw, 737px\" \/><figcaption>Interiorul salii de montaj a Atelierelor noi &#8211; SCM Vagoane in reparatie Podul rulant in functiune &#8211; 1930<\/figcaption><\/figure>\n\n\n\n<figure class=\"wp-block-image size-large\"><img loading=\"lazy\" decoding=\"async\" width=\"1024\" height=\"755\" src=\"https:\/\/federatia-fstspr.ro\/wp-content\/uploads\/2022\/03\/Montarea-vagonusui-Thomson-in-remiza-Depoul-Stefan-Cel-Mare-1024x755.jpg\" alt=\"\" class=\"wp-image-473\" srcset=\"https:\/\/federatia-fstspr.ro\/wp-content\/uploads\/2022\/03\/Montarea-vagonusui-Thomson-in-remiza-Depoul-Stefan-Cel-Mare-1024x755.jpg 1024w, https:\/\/federatia-fstspr.ro\/wp-content\/uploads\/2022\/03\/Montarea-vagonusui-Thomson-in-remiza-Depoul-Stefan-Cel-Mare-300x221.jpg 300w, https:\/\/federatia-fstspr.ro\/wp-content\/uploads\/2022\/03\/Montarea-vagonusui-Thomson-in-remiza-Depoul-Stefan-Cel-Mare-768x566.jpg 768w, https:\/\/federatia-fstspr.ro\/wp-content\/uploads\/2022\/03\/Montarea-vagonusui-Thomson-in-remiza-Depoul-Stefan-Cel-Mare-1536x1133.jpg 1536w, https:\/\/federatia-fstspr.ro\/wp-content\/uploads\/2022\/03\/Montarea-vagonusui-Thomson-in-remiza-Depoul-Stefan-Cel-Mare-2048x1510.jpg 2048w, https:\/\/federatia-fstspr.ro\/wp-content\/uploads\/2022\/03\/Montarea-vagonusui-Thomson-in-remiza-Depoul-Stefan-Cel-Mare-750x553.jpg 750w, https:\/\/federatia-fstspr.ro\/wp-content\/uploads\/2022\/03\/Montarea-vagonusui-Thomson-in-remiza-Depoul-Stefan-Cel-Mare-1140x841.jpg 1140w\" sizes=\"auto, (max-width: 1024px) 100vw, 1024px\" \/><figcaption>Montarea vagonu\u0219ui Thomson in remiza &#8211; Depoul Stefan Cel Mare<\/figcaption><\/figure>\n","protected":false},"excerpt":{"rendered":"<p>Printre imaginile de arhiv\u0103 ale Fototecii de aur STB SA sunt \u0219i c\u00e2teva imagini despre tehnologiile folosite la \u00eenceputul secolului trecut \u00een munca setebi\u0219tilor. V\u0103 prezent\u0103m o fotografie din 1925 care surprinde sudura alumino-termic\u0103: a\u0219ezarea capetelor \u0219inelor. Sudarea alumino-termica se realizeaz\u0103 cu ajutorul termitului, care este un amestec granulat de oxid de fier, aluminiu \u0219i [&hellip;]<\/p>\n","protected":false},"author":2,"featured_media":463,"comment_status":"open","ping_status":"open","sticky":false,"template":"","format":"standard","meta":{"footnotes":""},"categories":[30,34],"tags":[35],"class_list":["post-462","post","type-post","status-publish","format-standard","has-post-thumbnail","hentry","category-articole","category-bucuresti","tag-fototeca-de-aur"],"_links":{"self":[{"href":"https:\/\/federatia-fstspr.ro\/index.php\/wp-json\/wp\/v2\/posts\/462","targetHints":{"allow":["GET"]}}],"collection":[{"href":"https:\/\/federatia-fstspr.ro\/index.php\/wp-json\/wp\/v2\/posts"}],"about":[{"href":"https:\/\/federatia-fstspr.ro\/index.php\/wp-json\/wp\/v2\/types\/post"}],"author":[{"embeddable":true,"href":"https:\/\/federatia-fstspr.ro\/index.php\/wp-json\/wp\/v2\/users\/2"}],"replies":[{"embeddable":true,"href":"https:\/\/federatia-fstspr.ro\/index.php\/wp-json\/wp\/v2\/comments?post=462"}],"version-history":[{"count":1,"href":"https:\/\/federatia-fstspr.ro\/index.php\/wp-json\/wp\/v2\/posts\/462\/revisions"}],"predecessor-version":[{"id":474,"href":"https:\/\/federatia-fstspr.ro\/index.php\/wp-json\/wp\/v2\/posts\/462\/revisions\/474"}],"wp:featuredmedia":[{"embeddable":true,"href":"https:\/\/federatia-fstspr.ro\/index.php\/wp-json\/wp\/v2\/media\/463"}],"wp:attachment":[{"href":"https:\/\/federatia-fstspr.ro\/index.php\/wp-json\/wp\/v2\/media?parent=462"}],"wp:term":[{"taxonomy":"category","embeddable":true,"href":"https:\/\/federatia-fstspr.ro\/index.php\/wp-json\/wp\/v2\/categories?post=462"},{"taxonomy":"post_tag","embeddable":true,"href":"https:\/\/federatia-fstspr.ro\/index.php\/wp-json\/wp\/v2\/tags?post=462"}],"curies":[{"name":"wp","href":"https:\/\/api.w.org\/{rel}","templated":true}]}}