{"id":704,"date":"2022-04-29T19:28:38","date_gmt":"2022-04-29T19:28:38","guid":{"rendered":"https:\/\/federatia-fstspr.ro\/?p=704"},"modified":"2022-04-30T10:59:34","modified_gmt":"2022-04-30T10:59:34","slug":"salariatii-concediati-inainte-de-paste-vor-picheta-sediul-central-stb-sa-saptamana-viitoare-vor-participa-si-parlamentari","status":"publish","type":"post","link":"https:\/\/federatia-fstspr.ro\/index.php\/2022\/04\/29\/salariatii-concediati-inainte-de-paste-vor-picheta-sediul-central-stb-sa-saptamana-viitoare-vor-participa-si-parlamentari\/","title":{"rendered":"Salaria\u021bii concedia\u021bi \u00eenainte de Pa\u0219te vor picheta sediul central STB SA s\u0103pt\u0103m\u00e2na viitoare. Vor participa \u0219i parlamentari"},"content":{"rendered":"\n<p>Conducerea Sindicatului Transportatorilor din Bucure\u0219ti&nbsp; a avut o \u00eent\u00e2lnire, vineri, 29 Aprilie 2022, cu cei 222 de salaria\u021bi concedia\u021bi de STB SA \u00een S\u0103pt\u0103m\u00e2na Mare. La aceasta \u00eent\u00e2lnire au participat \u0219i trei parlamentari: deputatul Geanina \u0218erban (AUR), senatorul Sorin Lavric (AUR) \u0219i deputatul independent Dumitru Coarn\u0103.<\/p>\n\n\n\n<p>Principala tem\u0103 a discu\u021biilor a fost modul \u00een care setebi\u0219tii concedia\u021bi vor fi reprezenta\u021bi \u00een instan\u021b\u0103 de firma de avocatur\u0103 angajat\u0103 de Sindicat.<\/p>\n\n\n\n<p>Avocatul prezent la discu\u021bii a explicat faptul c\u0103 cele 222 de concedieri au fost abuzive, iar \u0219ansele de a c\u00e2\u0219tiga procesele de reangajare sunt foarte mari.<\/p>\n\n\n\n<p>La finalul \u00eent\u00e2lnirii s-a luat decizia ca s\u0103pt\u0103m\u00e2na viitoare, pe 5 mai, cei 222 de oameni prezen\u021bi la \u00eent\u00e2lnire s\u0103 picheteze sediul central STB SA \u00een semn de protest fa\u021b\u0103 de deciziile de desfacere a contractelor de munc\u0103 \u0219i vor cere reintegrarea de urgen\u021b\u0103 a celor concedia\u021bi.<\/p>\n\n\n\n<p>La pichetarea organizata de STB, \u00eentre orele 13.00 \u0219i 17.00, vor participa \u0219i cei trei parlamentari prezen\u021bi vineri la discu\u021bii.<\/p>\n","protected":false},"excerpt":{"rendered":"<p>Conducerea Sindicatului Transportatorilor din Bucure\u0219ti&nbsp; a avut o \u00eent\u00e2lnire, vineri, 29 Aprilie 2022, cu cei 222 de salaria\u021bi concedia\u021bi de STB SA \u00een S\u0103pt\u0103m\u00e2na Mare. La aceasta \u00eent\u00e2lnire au participat \u0219i trei parlamentari: deputatul Geanina \u0218erban (AUR), senatorul Sorin Lavric (AUR) \u0219i deputatul independent Dumitru Coarn\u0103. Principala tem\u0103 a discu\u021biilor a fost modul \u00een care [&hellip;]<\/p>\n","protected":false},"author":2,"featured_media":698,"comment_status":"open","ping_status":"open","sticky":false,"template":"","format":"video","meta":{"footnotes":""},"categories":[30,34],"tags":[48],"class_list":["post-704","post","type-post","status-publish","format-video","has-post-thumbnail","hentry","category-articole","category-bucuresti","tag-stb","post_format-post-format-video"],"_links":{"self":[{"href":"https:\/\/federatia-fstspr.ro\/index.php\/wp-json\/wp\/v2\/posts\/704","targetHints":{"allow":["GET"]}}],"collection":[{"href":"https:\/\/federatia-fstspr.ro\/index.php\/wp-json\/wp\/v2\/posts"}],"about":[{"href":"https:\/\/federatia-fstspr.ro\/index.php\/wp-json\/wp\/v2\/types\/post"}],"author":[{"embeddable":true,"href":"https:\/\/federatia-fstspr.ro\/index.php\/wp-json\/wp\/v2\/users\/2"}],"replies":[{"embeddable":true,"href":"https:\/\/federatia-fstspr.ro\/index.php\/wp-json\/wp\/v2\/comments?post=704"}],"version-history":[{"count":1,"href":"https:\/\/federatia-fstspr.ro\/index.php\/wp-json\/wp\/v2\/posts\/704\/revisions"}],"predecessor-version":[{"id":705,"href":"https:\/\/federatia-fstspr.ro\/index.php\/wp-json\/wp\/v2\/posts\/704\/revisions\/705"}],"wp:featuredmedia":[{"embeddable":true,"href":"https:\/\/federatia-fstspr.ro\/index.php\/wp-json\/wp\/v2\/media\/698"}],"wp:attachment":[{"href":"https:\/\/federatia-fstspr.ro\/index.php\/wp-json\/wp\/v2\/media?parent=704"}],"wp:term":[{"taxonomy":"category","embeddable":true,"href":"https:\/\/federatia-fstspr.ro\/index.php\/wp-json\/wp\/v2\/categories?post=704"},{"taxonomy":"post_tag","embeddable":true,"href":"https:\/\/federatia-fstspr.ro\/index.php\/wp-json\/wp\/v2\/tags?post=704"}],"curies":[{"name":"wp","href":"https:\/\/api.w.org\/{rel}","templated":true}]}}