{"id":727,"date":"2022-05-11T14:17:20","date_gmt":"2022-05-11T14:17:20","guid":{"rendered":"https:\/\/federatia-fstspr.ro\/?p=727"},"modified":"2022-05-11T14:17:21","modified_gmt":"2022-05-11T14:17:21","slug":"sindicatul-a-prezentat-in-parlament-cazul-celor-222-de-setebisti-concediati-este-posibila-luarea-unor-masuri-guvernamentale-in-favoarea-lor","status":"publish","type":"post","link":"https:\/\/federatia-fstspr.ro\/index.php\/2022\/05\/11\/sindicatul-a-prezentat-in-parlament-cazul-celor-222-de-setebisti-concediati-este-posibila-luarea-unor-masuri-guvernamentale-in-favoarea-lor\/","title":{"rendered":"Sindicatul a prezentat \u00een Parlament cazul celor 222 de setebi\u0219ti concedia\u021bi. Este posibil\u0103 luarea unor m\u0103suri guvernamentale \u00een favoarea lor"},"content":{"rendered":"\n<p>\u00cen data de 10 mai 2022, Comisiei pentru munc\u0103 \u015fi protec\u0163ie social\u0103 din cadrul Cameri Deputa\u021bilor a avut o \u00eent\u00e2lnire cu o delega\u0163ie a Sindicatului Transportatorilor din Bucure\u0219ti (STB).<\/p>\n\n\n\n<p>Delega\u0163ia sindical\u0103 a prezentat o succesiune a evenimentelor, problemelor grave \u015fi m\u0103surilor provocatoare \u015fi prejudicioase care au stat la baza declan\u015f\u0103rii conflictului spontan din ianuarie 2022. De asemenea, a fost prezentat\u0103 atitudinea ostil\u0103 \u015fi provocatoare a domnului Adrian Cri\u0163, director general al STB, dar \u015fi a conducerii societ\u0103\u0163ii.<\/p>\n\n\n\n<p>\u201dParticipan\u0163ii la \u00eent\u00e2lnire au mai reclamat lipsa oric\u0103rei forme de dialog din partea directorului general Adrian Cri\u0163, \u00een ceea ce prive\u015fte externalizarea unor activit\u0103\u0163i, condi\u0163iile de munc\u0103, lipsa de personal, reducerea planului de repara\u0163ii pentru anul 2022 cu peste 25%, lipsa pieselor \u015fi subansamblelor pentru activitatea de \u00eentre\u0163inere (fapt care a dus la imobilizarea unui num\u0103r de peste 250 de vehicule), lipsa personalului care s\u0103 asigure mentenan\u0163a vehiculelor, pun\u00e2nd \u00een pericol siguran\u0163a circula\u0163iei \u015fi a cet\u0103\u0163enilor, \u015f.a.<\/p>\n\n\n\n<p>Sindicali\u015ftii \u015fi-au exprimat dezacordul \u015fi fa\u0163\u0103 de concedierea, p\u00e2n\u0103 \u00een prezent, a 222 de \u015foferi STB care au participat la greva din ianuarie, declarat\u0103 ilegal\u0103 de justi\u0163ie chiar \u00een ziua declan\u015f\u0103rii, ace\u015ftia sus\u0163in\u00e2nd c\u0103 este vorba de un abuz.<\/p>\n\n\n\n<p>Dispre\u0163ul cu care au fost trata\u0163i cei care au protestat \u00een 19 ianuarie 2022, nerespectarea contractului colectiv de munc\u0103 \u015fi lipsa unui dialog real prin care s\u0103 se g\u0103seasc\u0103 o solu\u0163ie pentru rezolvarea problemelor, au generat protestul spontan din data de 20.01.2022, salaria\u0163ii STB cer\u00e2nd condi\u0163ii mai bune de munc\u0103 \u015fi un salariu decent.<\/p>\n\n\n\n<p>Membrii delega\u0163iei au precizat c\u0103, \u00een loc s\u0103 vin\u0103 cu solu\u0163ii pentru rezolvarea acestui conflict, de pe pozi\u0163ii de for\u0163\u0103 domnul Adrian Cri\u0163 a ales tactica pumnului \u00een gur\u0103 \u015fi manipularea presei prin afirma\u0163ii calomnioase \u015fi declara\u0163ii mincinoase la adresa salaria\u0163ilor, afirma\u0163ii care nu au f\u0103cut altceva dec\u00e2t s\u0103 radicalizeze pozi\u0163ia protestatarilor.<\/p>\n\n\n\n<p>Drept r\u0103spuns la afirma\u0163iile f\u0103cute public, c\u0103 to\u0163i conduc\u0103torii de vehicule prezen\u0163i la protest vor fi concedia\u0163i, \u00een cadrul comisiilor de disciplin\u0103 nu au fost puse la dispozi\u0163ie angaja\u0163ilor toate actele pentru formularea ap\u0103rarii, timpul acordat cercet\u0103rii disciplinare a fost de 5-10 minute \u00een condi\u0163iile \u00een care au fost cerceta\u0163i peste 2000 de salaria\u0163i, numai conduc\u0103tori de vehicule.<\/p>\n\n\n\n<p>\u00cen urma discu\u0163iilor de azi, consider\u0103m c\u0103 \u00eencetarea contractelor individuale de munc\u0103 ale conduc\u0103torilor de vehicule este o form\u0103 mascat\u0103 de concediere colectiv\u0103, directorul general al STB disimul\u00e2nd acest fapt printr-o cercetare disciplinar\u0103 la limita legii, d\u00e2nd na\u015ftere la situa\u0163ii uneori dramatice &#8211; fiind concedia\u0163i salaria\u0163i care asigurau singurul venit la nivelul unei familii, erau unici \u00eentre\u0163in\u0103tori ai unor familii formate din adul\u0163i, copii \u015fi persoane v\u00e2rstnice, salaria\u0163i ai c\u0103ror so\u0163ii se afl\u0103 \u00een concediu pentru cre\u015fterea copilului, salaria\u0163i care au \u00een \u00eentre\u0163inere persoane \u00eencadrate \u00een grad de handicap.<\/p>\n\n\n\n<p>Cum s\u0103 dispui concedierea a zeci de salaria\u0163i f\u0103r\u0103 a \u0163ine seama m\u0103car de situa\u0163iile financiare ale familiilor angaja\u0163ilor, l\u0103s\u00e2ndu-i f\u0103r\u0103 niciun venit? P\u00e2n\u0103 la desfacerea contractului de munc\u0103, \u00een urma cercet\u0103rii disciplinare, ar fi putut fi aplicate \u015fi alte sanc\u0163iuni, mai pu\u0163in grave, \u0163in\u00e2ndu-se cont m\u0103car de faptul c\u0103 sunt \u015foferi cu o experien\u0163\u0103 profesional\u0103 de peste 15-20 de ani, f\u0103r\u0103 vreo sanc\u0163iune profesional\u0103.<\/p>\n\n\n\n<p>Concedierea disciplinar\u0103 a celor peste 222 de conduc\u0103tori de vehicule arat\u0103, \u00eenc\u0103 o dat\u0103, c\u0103 administra\u0163ia societ\u0103\u0163ii ac\u0163ioneaz\u0103 la limita legii. Aceast\u0103 administra\u0163ie, condus\u0103 de domnul Adrian Cri\u0163, nu este dispus\u0103 s\u0103 dialogheze. Ba mai mult, a dat comand\u0103 ca 200 de \u015foferi s\u0103 fie da\u0163i afar\u0103. De ce? Pentru c\u0103 au avut curajul s\u0103 fac\u0103 un protest spontan \u00een urma c\u0103ruia s\u0103 cear\u0103 condi\u0163ii mai bune de munc\u0103 \u015fi s\u0103 se renun\u0163e la firmele care c\u0103pu\u015feaz\u0103 compania deoarece este nevoie de bani pentru autobuze noi.<\/p>\n\n\n\n<p>\u00cen acest context, memoriile prezentate de participan\u0163ii la \u00eent\u00e2lnire vor fi transmise prim-ministrului, domnul Nicolae Ciuc\u0103, pentru a dispune analizarea conflictului \u015fi a st\u0103rii conflictuale din cadrul STB SA, dar \u015fi pentru a analiza posibilitatea lu\u0103rii unor m\u0103suri la nivel guvernamental, astfel \u00eenc\u00e2t conflictul s\u0103 nu degenereze \u015fi s\u0103 nu duc\u0103 la apari\u0163ia unor drame sociale, l\u0103s\u00e2nd f\u0103r\u0103 venituri peste 200 de familii\u201d, se arat\u0103 \u00een comunicatul de pres\u0103 al Comisiei pentru munc\u0103 \u015fi protec\u0163ie social\u0103.<\/p>\n","protected":false},"excerpt":{"rendered":"<p>\u00cen data de 10 mai 2022, Comisiei pentru munc\u0103 \u015fi protec\u0163ie social\u0103 din cadrul Cameri Deputa\u021bilor a avut o \u00eent\u00e2lnire cu o delega\u0163ie a Sindicatului Transportatorilor din Bucure\u0219ti (STB). Delega\u0163ia sindical\u0103 a prezentat o succesiune a evenimentelor, problemelor grave \u015fi m\u0103surilor provocatoare \u015fi prejudicioase care au stat la baza declan\u015f\u0103rii conflictului spontan din ianuarie 2022. [&hellip;]<\/p>\n","protected":false},"author":2,"featured_media":728,"comment_status":"open","ping_status":"open","sticky":false,"template":"","format":"standard","meta":{"footnotes":""},"categories":[30,34],"tags":[54,53,36],"class_list":["post-727","post","type-post","status-publish","format-standard","has-post-thumbnail","hentry","category-articole","category-bucuresti","tag-guvern","tag-parlament","tag-sindicat"],"_links":{"self":[{"href":"https:\/\/federatia-fstspr.ro\/index.php\/wp-json\/wp\/v2\/posts\/727","targetHints":{"allow":["GET"]}}],"collection":[{"href":"https:\/\/federatia-fstspr.ro\/index.php\/wp-json\/wp\/v2\/posts"}],"about":[{"href":"https:\/\/federatia-fstspr.ro\/index.php\/wp-json\/wp\/v2\/types\/post"}],"author":[{"embeddable":true,"href":"https:\/\/federatia-fstspr.ro\/index.php\/wp-json\/wp\/v2\/users\/2"}],"replies":[{"embeddable":true,"href":"https:\/\/federatia-fstspr.ro\/index.php\/wp-json\/wp\/v2\/comments?post=727"}],"version-history":[{"count":1,"href":"https:\/\/federatia-fstspr.ro\/index.php\/wp-json\/wp\/v2\/posts\/727\/revisions"}],"predecessor-version":[{"id":729,"href":"https:\/\/federatia-fstspr.ro\/index.php\/wp-json\/wp\/v2\/posts\/727\/revisions\/729"}],"wp:featuredmedia":[{"embeddable":true,"href":"https:\/\/federatia-fstspr.ro\/index.php\/wp-json\/wp\/v2\/media\/728"}],"wp:attachment":[{"href":"https:\/\/federatia-fstspr.ro\/index.php\/wp-json\/wp\/v2\/media?parent=727"}],"wp:term":[{"taxonomy":"category","embeddable":true,"href":"https:\/\/federatia-fstspr.ro\/index.php\/wp-json\/wp\/v2\/categories?post=727"},{"taxonomy":"post_tag","embeddable":true,"href":"https:\/\/federatia-fstspr.ro\/index.php\/wp-json\/wp\/v2\/tags?post=727"}],"curies":[{"name":"wp","href":"https:\/\/api.w.org\/{rel}","templated":true}]}}