{"id":877,"date":"2023-11-10T13:44:00","date_gmt":"2023-11-10T13:44:00","guid":{"rendered":"https:\/\/federatia-fstspr.ro\/?p=877"},"modified":"2023-11-10T13:44:00","modified_gmt":"2023-11-10T13:44:00","slug":"inca-doua-organizatii-s-au-afiliat-la-federatia-sindicatelor-din-transporturi-si-servicii-publice-romania","status":"publish","type":"post","link":"https:\/\/federatia-fstspr.ro\/index.php\/2023\/11\/10\/inca-doua-organizatii-s-au-afiliat-la-federatia-sindicatelor-din-transporturi-si-servicii-publice-romania\/","title":{"rendered":"\u00cenc\u0103 dou\u0103 organiza\u021bii s-au afiliat la Federa\u021bia Sindicatelor din Transporturi \u0219i Servicii Publice \u2013 Rom\u00e2nia"},"content":{"rendered":"\n<p>Mi\u0219carea sindical\u0103 str\u00e2nge r\u00e2ndurile. La Consiliul Na\u021bional al Federa\u021biei Sindicatelor din Transporturi \u0219i Servicii Publice &#8211; Rom\u00e2nia (FSTSP), din 07.11.2023, s-a votat afilierea a \u00eenc\u0103 dou\u0103 sindicate la acest\u0103 organiza\u021bie ce are reprezentativitate \u00een toate ora\u0219ele mari ale Rom\u00e2niei.<\/p>\n\n\n\n<p>Este vorba despre cererile de afiliere ale Sindicatului Independent Armonia din STPT Timi\u0219oara \u0219i Sindicatului \u0218oferilor Profesioni\u0219ti Cluj &#8211; ambele validate cu unanimitate de voturi.<\/p>\n\n\n\n<p>\u0218edin\u021ba a avut loc la Bra\u0219ov, acolo unde, cu 177 de ani \u00een urm\u0103, ap\u0103reau mugurii sindicalismului pe actualul teritoriu al Rom\u00e2niei.<\/p>\n\n\n\n<p>\u00cen cadrul Consiliului s-a discutat pe tema negocierii unui Contract Colectiv de Munc\u0103 la nivelul Sectorului de activitate, a fost prezentat proiectul privind organizarea unor dezbateri pe teme legate de Codul Muncii \u0219i Legea Dialogului Social, precum \u0219i stadiul Proiectului \u201eStatutul Personalului din Transportul Regulat \u0219i Metropolitan\u201d (PL-x 231\/2020).<\/p>\n\n\n\n<p>Avocat dr. Mihaela Tudorache a r\u0103spuns \u00eentreb\u0103rilor legate de Codul Muncii, Legea Dialogului Social \u0219i Legea 296\/2023.<\/p>\n\n\n\n<p>Concluzia general\u0103 a fost c\u0103 liderii de sindicate trebuie s\u0103 str\u00e2ng\u0103 r\u00e2ndurile \u0219i s\u0103-\u0219i dezvolte, s\u0103-\u0219i perfec\u021bioneze, abilit\u0103\u021bile care \u00eei ajut\u0103 s\u0103 protejeze drepturile celor pe care \u00eei reprezint\u0103, \u00een special arta negocierii. Altfel spus, este nevoie de mult mai mult\u0103 implicare, perseveren\u021b\u0103 \u0219i unitate!<\/p>\n\n\n\n<p>Men\u021bion\u0103m la final c\u0103 istoria sindicatelor \u00een Rom\u00e2nia a \u00eenceput \u00een 1846, la Bra\u015fov, prin \u201eAsocia\u0163ia de ajutor de boal\u0103, \u00eenmorm\u00e2nt\u0103ri \u015fi ajutor de c\u0103l\u0103torie\u201c a calfelor de tipografi bra\u015foveni.<\/p>\n\n\n\n<p>Asocia\u021bia a fost \u00eenfiin\u021bat\u0103 \u00een \u201eTipografia lui Ioann G\u0103tt\u201c (Johann Gott), de pe strada V\u0103mii nr. 10 (azi Str. Mure\u015fenilor nr. 11).<\/p>\n\n\n\n<p>Aici s-au tip\u0103rit, printre altele, \u201eGazeta Transilvaniei\u201c (timp de 45 de ani) \u0219i \u201eFoaie pentru minte, inim\u0103 \u015fi literatur\u0103\u201c.<\/p>\n\n\n<div class=\"wp-block-image\">\n<figure class=\"aligncenter size-large\"><img loading=\"lazy\" decoding=\"async\" width=\"1024\" height=\"486\" src=\"https:\/\/federatia-fstspr.ro\/wp-content\/uploads\/2023\/11\/foto-2-1024x486.jpg\" alt=\"\" class=\"wp-image-879\" srcset=\"https:\/\/federatia-fstspr.ro\/wp-content\/uploads\/2023\/11\/foto-2-1024x486.jpg 1024w, https:\/\/federatia-fstspr.ro\/wp-content\/uploads\/2023\/11\/foto-2-300x142.jpg 300w, https:\/\/federatia-fstspr.ro\/wp-content\/uploads\/2023\/11\/foto-2-768x365.jpg 768w, https:\/\/federatia-fstspr.ro\/wp-content\/uploads\/2023\/11\/foto-2-1536x729.jpg 1536w, https:\/\/federatia-fstspr.ro\/wp-content\/uploads\/2023\/11\/foto-2-750x356.jpg 750w, https:\/\/federatia-fstspr.ro\/wp-content\/uploads\/2023\/11\/foto-2-1140x541.jpg 1140w, https:\/\/federatia-fstspr.ro\/wp-content\/uploads\/2023\/11\/foto-2.jpg 1603w\" sizes=\"auto, (max-width: 1024px) 100vw, 1024px\" \/><\/figure>\n<\/div>","protected":false},"excerpt":{"rendered":"<p>Mi\u0219carea sindical\u0103 str\u00e2nge r\u00e2ndurile. La Consiliul Na\u021bional al Federa\u021biei Sindicatelor din Transporturi \u0219i Servicii Publice &#8211; Rom\u00e2nia (FSTSP), din 07.11.2023, s-a votat afilierea a \u00eenc\u0103 dou\u0103 sindicate la acest\u0103 organiza\u021bie ce are reprezentativitate \u00een toate ora\u0219ele mari ale Rom\u00e2niei. Este vorba despre cererile de afiliere ale Sindicatului Independent Armonia din STPT Timi\u0219oara \u0219i Sindicatului \u0218oferilor [&hellip;]<\/p>\n","protected":false},"author":2,"featured_media":878,"comment_status":"open","ping_status":"open","sticky":false,"template":"","format":"video","meta":{"footnotes":""},"categories":[34],"tags":[88],"class_list":["post-877","post","type-post","status-publish","format-video","has-post-thumbnail","hentry","category-bucuresti","tag-consiliul-national-2","post_format-post-format-video"],"_links":{"self":[{"href":"https:\/\/federatia-fstspr.ro\/index.php\/wp-json\/wp\/v2\/posts\/877","targetHints":{"allow":["GET"]}}],"collection":[{"href":"https:\/\/federatia-fstspr.ro\/index.php\/wp-json\/wp\/v2\/posts"}],"about":[{"href":"https:\/\/federatia-fstspr.ro\/index.php\/wp-json\/wp\/v2\/types\/post"}],"author":[{"embeddable":true,"href":"https:\/\/federatia-fstspr.ro\/index.php\/wp-json\/wp\/v2\/users\/2"}],"replies":[{"embeddable":true,"href":"https:\/\/federatia-fstspr.ro\/index.php\/wp-json\/wp\/v2\/comments?post=877"}],"version-history":[{"count":1,"href":"https:\/\/federatia-fstspr.ro\/index.php\/wp-json\/wp\/v2\/posts\/877\/revisions"}],"predecessor-version":[{"id":880,"href":"https:\/\/federatia-fstspr.ro\/index.php\/wp-json\/wp\/v2\/posts\/877\/revisions\/880"}],"wp:featuredmedia":[{"embeddable":true,"href":"https:\/\/federatia-fstspr.ro\/index.php\/wp-json\/wp\/v2\/media\/878"}],"wp:attachment":[{"href":"https:\/\/federatia-fstspr.ro\/index.php\/wp-json\/wp\/v2\/media?parent=877"}],"wp:term":[{"taxonomy":"category","embeddable":true,"href":"https:\/\/federatia-fstspr.ro\/index.php\/wp-json\/wp\/v2\/categories?post=877"},{"taxonomy":"post_tag","embeddable":true,"href":"https:\/\/federatia-fstspr.ro\/index.php\/wp-json\/wp\/v2\/tags?post=877"}],"curies":[{"name":"wp","href":"https:\/\/api.w.org\/{rel}","templated":true}]}}